{"id":5146,"date":"2014-02-16T21:26:38","date_gmt":"2014-02-16T20:26:38","guid":{"rendered":"http:\/\/somes.dk\/?p=5146"},"modified":"2014-02-16T21:26:38","modified_gmt":"2014-02-16T20:26:38","slug":"vinterferien-2014","status":"publish","type":"post","link":"https:\/\/somes.dk\/?p=5146","title":{"rendered":"Vinterferien 2014"},"content":{"rendered":"<p style=\"text-align: justify;\">En vinterferie er g\u00e5et uden de store begivenheder&#8230;&#8230; og det var lige hvad familien tr\u00e6ngte til \ud83d\ude42<\/p>\n<p style=\"text-align: justify;\">De f\u00f8rste par dage skulle de voksne p\u00e5 arbejde, s\u00e5 b\u00f8rnene var hhv. ved skolekammerater, hjemme og i dagpleje.<\/p>\n<p style=\"text-align: justify;\">Tirsdag efter arbejde k\u00f8rte jeg til Ringsted og hentede 3 kammerater, der skulle med hjem og sove og hygge&#8230;..og det blev hyggeligt Victoria og Julie fnilrede, grinede, tegnede og hyggede i et v\u00e6k, man m\u00e6rker dem n\u00e6sten ikke. Alexander, Adam og Lucas \u00a0havde da ogs\u00e5 n\u00e6rmest en lille fest, der var hygge, vild leg og fantasi for alle pengene \ud83d\ude42 m\u00e5 nok erkende at n\u00e5r haven og vejret ikke b\u00f8d p\u00e5 udeleg, s\u00e5 kunne vi sagtens m\u00e6rke at drengene var her, men det er jo egentligt bare dejligt.<\/p>\n<p style=\"text-align: justify;\">Onsdag blev ferieb\u00f8rnene hentet, vi fik lige hygget med for\u00e6ldrene inden de susede mod Ringsted igen.<\/p>\n<p style=\"text-align: justify;\">Torsdag, fredag\u00a0 og l\u00f8rdag var bare\u00a0hjemmehygge &#8211; hvor vi fik lavet ingenting, set film med ungerne hjemme og i Biografen , der blev leget, hygget, danset og sunget.<\/p>\n<p style=\"text-align: justify;\">Sluttede ferien af s\u00f8ndag\u00a0med f\u00f8dselsdag ved morfar &#8211; l\u00e6kker brunch, som han havde knoklet med siden kl. 6 om morgenen.<\/p>\n<p>Og det var s\u00e5 den ferie \ud83d\ude42<\/p>\n","protected":false},"excerpt":{"rendered":"<p>En vinterferie er g\u00e5et uden de store begivenheder&#8230;&#8230; og det var lige hvad familien tr\u00e6ngte til \ud83d\ude42 De f\u00f8rste par dage skulle de voksne p\u00e5 arbejde, s\u00e5 b\u00f8rnene var hhv. ved skolekammerater, hjemme og i dagpleje. Tirsdag efter arbejde k\u00f8rte jeg til Ringsted og hentede 3 kammerater, der skulle med hjem og sove og hygge&#8230;..og &hellip; <a href=\"https:\/\/somes.dk\/?p=5146\" class=\"more-link\">L\u00e6s videre <span class=\"screen-reader-text\">Vinterferien 2014<\/span> <span class=\"meta-nav\">&rarr;<\/span><\/a><\/p>\n","protected":false},"author":2,"featured_media":0,"comment_status":"open","ping_status":"open","sticky":false,"template":"","format":"standard","meta":{"footnotes":""},"categories":[2,10],"tags":[],"class_list":["post-5146","post","type-post","status-publish","format-standard","hentry","category-brn","category-toese-sniksnak"],"_links":{"self":[{"href":"https:\/\/somes.dk\/index.php?rest_route=\/wp\/v2\/posts\/5146","targetHints":{"allow":["GET"]}}],"collection":[{"href":"https:\/\/somes.dk\/index.php?rest_route=\/wp\/v2\/posts"}],"about":[{"href":"https:\/\/somes.dk\/index.php?rest_route=\/wp\/v2\/types\/post"}],"author":[{"embeddable":true,"href":"https:\/\/somes.dk\/index.php?rest_route=\/wp\/v2\/users\/2"}],"replies":[{"embeddable":true,"href":"https:\/\/somes.dk\/index.php?rest_route=%2Fwp%2Fv2%2Fcomments&post=5146"}],"version-history":[{"count":0,"href":"https:\/\/somes.dk\/index.php?rest_route=\/wp\/v2\/posts\/5146\/revisions"}],"wp:attachment":[{"href":"https:\/\/somes.dk\/index.php?rest_route=%2Fwp%2Fv2%2Fmedia&parent=5146"}],"wp:term":[{"taxonomy":"category","embeddable":true,"href":"https:\/\/somes.dk\/index.php?rest_route=%2Fwp%2Fv2%2Fcategories&post=5146"},{"taxonomy":"post_tag","embeddable":true,"href":"https:\/\/somes.dk\/index.php?rest_route=%2Fwp%2Fv2%2Ftags&post=5146"}],"curies":[{"name":"wp","href":"https:\/\/api.w.org\/{rel}","templated":true}]}}